{"id":825,"date":"2023-07-28T23:41:39","date_gmt":"2023-07-28T21:41:39","guid":{"rendered":"http:\/\/www.phroyde.com\/SRGMBH\/?p=825"},"modified":"2023-07-28T23:47:36","modified_gmt":"2023-07-28T21:47:36","slug":"presseerklaerung-der-saunaritter-gmbh","status":"publish","type":"post","link":"http:\/\/www.phroyde.com\/SRGMBH\/presseerklaerung-der-saunaritter-gmbh\/","title":{"rendered":"Presseerkl\u00e4rung der Saunaritter GmbH"},"content":{"rendered":"\n<p>Datum: 28. Juli 2023<\/p>\n\n\n\n<p>Die Saunaritter GmbH, ein angesehener Anbieter von Wellness- und Erholungsdienstleistungen in der Stadt R\u00f6dermark, bedauert, mitteilen zu m\u00fcssen, dass der Verp\u00e4chter, die Stadt R\u00f6dermark, den Pachtvertrag, der vorerst&nbsp;bis zum 30. September 2025 datiert ist, nicht verl\u00e4ngern m\u00f6chte.<br><br>Die Stadt R\u00f6dermark hat zwei Hauptgr\u00fcnde f\u00fcr ihre Entscheidung vorgebracht, n\u00e4mlich die hohen Sanierungskosten von angeblich 525.000 Euro und die Notwendigkeit der R\u00e4umlichkeiten f\u00fcr ein Jugendzentrum. Die Saunaritter GmbH m\u00f6chte hierzu klarstellen, dass sie beide Gr\u00fcnde in Frage stellt. <\/p>\n\n\n\n<p>Zun\u00e4chst bezweifeln wir, dass die Sanierungskosten f\u00fcr die Sauna tats\u00e4chlich so hoch sind, wie angegeben. Unsere internen Experten haben gr\u00fcndlich gepr\u00fcft und festgestellt, dass diese Sch\u00e4tzungen weit \u00fcberh\u00f6ht sind. Hinzu kommt, dass hier Kosten aufgef\u00fchrt sind, die den Saunabereich nicht betreffen (zum Beispiel 100.000 Euro f\u00fcr die Fassade).<br><br>Wir sind bereit, unsere eigenen Kostensch\u00e4tzungen offenzulegen und den Dialog dar\u00fcber zu er\u00f6ffnen.<br><br>Des Weiteren m\u00f6chten wir betonen, dass es andere Geb\u00e4ude in st\u00e4dtischem Besitz gibt, die sich hervorragend f\u00fcr ein Jugendzentrum eignen k\u00f6nnten.\u00a0Die Saunaritter GmbH ist ein Bef\u00fcrworter von Jugendf\u00f6rderung und kulturellen Aktivit\u00e4ten in der Gemeinde. Wir unterst\u00fctzen die Idee eines Jugendzentrums, jedoch sehen wir nicht ein, warum daf\u00fcr ausgerechnet unsere erfolgreiche Sauna, weichen muss, wenn andere, angemessenere Alternativen vorhanden sind. <\/p>\n\n\n\n<p>Regelm\u00e4\u00dfige Saunabesuche f\u00f6rdern erwiesenerma\u00dfen Gesundheit und Hygiene und werden von unseren G\u00e4sten auch wegen der M\u00f6glichkeit gesch\u00e4tzt, regelm\u00e4\u00dfig mit Freunden und Bekannten ein paar entspannte und gesellige Stunden zu verbringen. So unterst\u00fctzt unsere Sauna neben den gesundheitlichen Vorteilen auch die F\u00f6rderung der Kommunikation und die Pflege von Kontakten und Freundschaften.<br><br>Es ist bedauerlich, dass seitens der Stadt R\u00f6dermark keine ernsthaften Bem\u00fchungen unternommen wurden, eine gemeinsame L\u00f6sung zu finden, die sowohl den Interessen der Saunaritter GmbH als auch den Bed\u00fcrfnissen der Stadt R\u00f6dermark gerecht wird. Wir haben immer offen f\u00fcr einen Dialog und eine Zusammenarbeit mit der Stadtverwaltung gestanden, um die besten L\u00f6sungen f\u00fcr alle Beteiligten zu finden.<br><br>Die Saunaritter GmbH m\u00f6chte betonen, dass wir den Betrieb der Sauna bis zum Ende des Pachtvertrags fortsetzen wollen, um unseren Beitrag zur kulturellen Vielfalt und dem gesundheitlichen Angebot in unserer Stadt R\u00f6dermark aufrechtzuerhalten. Wir sind \u00fcberzeugt, dass unsere Einrichtung einen bedeutenden Mehrwert f\u00fcr die lokale Gemeinschaft darstellt und werden weiterhin unser Bestes tun, um hochwertige Dienstleistungen anzubieten.<br><br>Wir hoffen, dass die Stadt R\u00f6dermark letztendlich eine vern\u00fcnftige Entscheidung treffen wird, die sowohl die Bed\u00fcrfnisse der jungen Menschen in unserer Stadt als auch den Erhalt unserer gesch\u00e4tzten Sauna ber\u00fccksichtigt. <\/p>\n\n\n\n<p>Wir bleiben zuversichtlich, dass ein offener und konstruktiver Dialog zu einer L\u00f6sung f\u00fchren kann, die f\u00fcr alle Beteiligten von Vorteil ist.<br><br>Kontakt:<\/p>\n\n\n\n<p>Michaela Butz-Strohmeier<br>Gesch\u00e4ftsf\u00fchrerin der Saunaritter GmbH<br>E-Mail:&nbsp;badehaus@saunaritter.de<\/p>\n","protected":false},"excerpt":{"rendered":"<p>Datum: 28. Juli 2023 Die Saunaritter GmbH, ein angesehener Anbieter von Wellness- und Erholungsdienstleistungen in der Stadt R\u00f6dermark, bedauert, mitteilen zu m\u00fcssen, dass der Verp\u00e4chter, die Stadt R\u00f6dermark, den Pachtvertrag, der vorerst&nbsp;bis zum 30. September 2025 datiert ist, nicht verl\u00e4ngern m\u00f6chte. Die Stadt R\u00f6dermark hat zwei Hauptgr\u00fcnde f\u00fcr ihre Entscheidung vorgebracht, n\u00e4mlich die hohen Sanierungskosten &hellip; <\/p>\n<p class=\"link-more\"><a href=\"http:\/\/www.phroyde.com\/SRGMBH\/presseerklaerung-der-saunaritter-gmbh\/\" class=\"more-link\"><span class=\"screen-reader-text\">\u201ePresseerkl\u00e4rung der Saunaritter GmbH\u201c <\/span>weiterlesen<\/a><\/p>\n","protected":false},"author":1,"featured_media":0,"comment_status":"open","ping_status":"open","sticky":false,"template":"","format":"standard","meta":{"tteo2020_transparent_header":false,"footnotes":""},"categories":[4],"tags":[],"class_list":["post-825","post","type-post","status-publish","format-standard","hentry","category-themen-und-events"],"_links":{"self":[{"href":"http:\/\/www.phroyde.com\/SRGMBH\/wp-json\/wp\/v2\/posts\/825","targetHints":{"allow":["GET"]}}],"collection":[{"href":"http:\/\/www.phroyde.com\/SRGMBH\/wp-json\/wp\/v2\/posts"}],"about":[{"href":"http:\/\/www.phroyde.com\/SRGMBH\/wp-json\/wp\/v2\/types\/post"}],"author":[{"embeddable":true,"href":"http:\/\/www.phroyde.com\/SRGMBH\/wp-json\/wp\/v2\/users\/1"}],"replies":[{"embeddable":true,"href":"http:\/\/www.phroyde.com\/SRGMBH\/wp-json\/wp\/v2\/comments?post=825"}],"version-history":[{"count":4,"href":"http:\/\/www.phroyde.com\/SRGMBH\/wp-json\/wp\/v2\/posts\/825\/revisions"}],"predecessor-version":[{"id":831,"href":"http:\/\/www.phroyde.com\/SRGMBH\/wp-json\/wp\/v2\/posts\/825\/revisions\/831"}],"wp:attachment":[{"href":"http:\/\/www.phroyde.com\/SRGMBH\/wp-json\/wp\/v2\/media?parent=825"}],"wp:term":[{"taxonomy":"category","embeddable":true,"href":"http:\/\/www.phroyde.com\/SRGMBH\/wp-json\/wp\/v2\/categories?post=825"},{"taxonomy":"post_tag","embeddable":true,"href":"http:\/\/www.phroyde.com\/SRGMBH\/wp-json\/wp\/v2\/tags?post=825"}],"curies":[{"name":"wp","href":"https:\/\/api.w.org\/{rel}","templated":true}]}}